{"id":563,"date":"2003-06-04T12:01:54","date_gmt":"2003-06-04T15:01:54","guid":{"rendered":"http:\/\/joaodebarro.blog.br\/site\/?p=563"},"modified":"2025-02-14T06:13:26","modified_gmt":"2025-02-14T09:13:26","slug":"a-sua-imagem-e-semelhanca","status":"publish","type":"post","link":"https:\/\/joaodebarro.blog.br\/site\/cadernos\/a-sua-imagem-e-semelhanca\/","title":{"rendered":"\u00c0 sua imagem e semelhan\u00e7a"},"content":{"rendered":"\n<h3 class=\"wp-block-heading\">Existem paralelos poss\u00edveis entre o ser humano e os computadores. <\/h3>\n\n\n\n<p>Eles se manifestam de forma aguda, quando colocamos as m\u00e1quinas em comunica\u00e7\u00e3o, pois elas s\u00e3o diferentes entre si e s\u00e3o ligadas de maneira diferente tamb\u00e9m. H\u00e1 uma variedade enorme, quase total. De capacidades e configura\u00e7\u00f5es. Cada indiv\u00edduo tendo algo do seu Criador, algo do seu Usu\u00e1rio, muito do seu Tempo, do seu Lugar.<\/p>\n\n\n\n<p>Quando falam uns com os outros, frequentemente acontece de um n\u00e3o conseguir \u201cabrir\u201d a mensagem do outro, ou o arquivo.<\/p>\n\n\n\n<p>Os modelos antigos n\u00e3o compreendem os mais novos, que tamb\u00e9m deixam de entender os j\u00e1 obsoletos. As linguagens e os termos de refer\u00eancia usados no in\u00edcio j\u00e1 n\u00e3o s\u00e3o mais entendidos nem usados.<\/p>\n\n\n\n<p>Mesmo quando a comunica\u00e7\u00e3o acontece, pode ser que o tom, a nuance de uma cor, n\u00e3o possa ser vista pelo outro, que a interpretar\u00e1 dentro do seu espectro de 256 cores b\u00e1sicas\u2026 Um fundo de p\u00e1gina de internet que estiver \u201cautom\u00e1tico\u201d, pode ser cinza no Netscape, branco no IExplorer, e at\u00e9 mesmo cor-de-rosa.<\/p>\n\n\n\n<p>Se um quer escrever com Aaram Bold, o outro, que nunca ouviu falar disso, resolve que aquilo \u00e9 uma fonte padr\u00e3o. Que tal Times New Roman?<\/p>\n\n\n\n<p>Uma p\u00e1gina formatada com cuidado em um editor de texto, pode n\u00e3o encontrar o programa ideal para ser vista em outra m\u00e1quina e aparecer totalmente desmontada. Mesmo sendo da pr\u00f3pria fam\u00edlia!<\/p>\n\n\n\n<p>H\u00e1 mesmo o her\u00f3i Macintosh, que lutou contra os grandes e os venceu, tal era sua superioridade.<\/p>\n\n\n\n<p>H\u00e1 tamb\u00e9m o tirano Microsoft, que espalhou pelo mundo suas Janelas, que obrigam a ter uma vis\u00e3o s\u00f3. Que aprisionou Macintosh e o roubou. Ainda hoje n\u00e3o se falam direito.<\/p>\n\n\n\n<p>H\u00e1 ainda uma lenda subterr\u00e2nea, da Finl\u00e2ndia, de onde veio Linux, que se entregou sem resistir e cativou a muitos.<\/p>\n\n\n\n<p>Tamb\u00e9m n\u00e3o se pode supor que evoluam muito atrav\u00e9s da quantidade de informa\u00e7\u00f5es em seu disco r\u00edgido. Ou da velocidade com que conseguem lidar com elas.<\/p>\n\n\n\n<p>Precisam de uma inten\u00e7\u00e3o do Usu\u00e1rio, com o apoio do Criador, para conseguir um upgrade. Mesmo assim, existe um limite para isso. \u00c9 poss\u00edvel elevar um pouco o n\u00edvel existente. N\u00e3o \u00e9 prov\u00e1vel obter sempre o m\u00e1ximo, ou o ideal. Um 386 jamais ser\u00e1 um Pentium IV. Pode ganhar um pouco mais de mem\u00f3ria, aumentar sua capacidade de lidar com situa\u00e7\u00f5es complexas, talvez se enriquecer com um pouco mais de cor, de sons. Melhorar sua comunica\u00e7\u00e3o.<\/p>\n\n\n\n<p>Tamb\u00e9m neste caso, o que \u00e9 solu\u00e7\u00e3o para um, pode ser um problema para o outro. O que hoje representou uma melhora, pode n\u00e3o ser assim mais adiante, em outro tempo e em outra situa\u00e7\u00e3o.<\/p>\n\n\n\n<p>Atualmente as m\u00e1quinas t\u00eam se apoiado em um aumento de suas capacidades, com mais velocidade e mem\u00f3ria, mais esfor\u00e7o. Infelizmente o direcionamento destes esfor\u00e7os tem sido o de subjugar o Usu\u00e1rio, que \u00e9 visto como um consumidor de produtos, um perfil. E \u00e9 tratado de maneira desonesta, com invas\u00f5es de cookies e de portas TCP\/IP n\u00e3o autorizadas. Tudo em nome do Criador.<\/p>\n\n\n\n<p>H\u00e1 uma supervaloriza\u00e7\u00e3o do novo, do mais avan\u00e7ado, em detrimento das necessidades reais. Existe uma especula\u00e7\u00e3o imaginativa sobre um Mundo Virtual, com mais qualidade e quantidade de coisas, como resultado do aumento das mesmas capacidades atuais. Sem amplia\u00e7\u00e3o dos par\u00e2metros e horizontes.<\/p>\n","protected":false},"excerpt":{"rendered":"<p>Existem paralelos poss\u00edveis entre o ser humano e os computadores. Eles se manifestam de forma aguda, quando colocamos as m\u00e1quinas em comunica\u00e7\u00e3o, pois elas s\u00e3o diferentes entre si e s\u00e3o ligadas de maneira diferente tamb\u00e9m. H\u00e1 uma variedade enorme, quase total. De capacidades e configura\u00e7\u00f5es. Cada indiv\u00edduo tendo algo do seu Criador, algo do seu&hellip;&nbsp;<a href=\"https:\/\/joaodebarro.blog.br\/site\/cadernos\/a-sua-imagem-e-semelhanca\/\" rel=\"bookmark\">Continue a ler &raquo;<span class=\"screen-reader-text\">\u00c0 sua imagem e semelhan\u00e7a<\/span><\/a><\/p>\n","protected":false},"author":1,"featured_media":564,"comment_status":"closed","ping_status":"open","sticky":false,"template":"","format":"standard","meta":{"neve_meta_sidebar":"","neve_meta_container":"","neve_meta_enable_content_width":"","neve_meta_content_width":0,"neve_meta_title_alignment":"","neve_meta_author_avatar":"","neve_post_elements_order":"","neve_meta_disable_header":"","neve_meta_disable_footer":"","neve_meta_disable_title":"","footnotes":""},"categories":[6,7],"tags":[],"class_list":["post-563","post","type-post","status-publish","format-standard","has-post-thumbnail","hentry","category-cadernos","category-low-tech"],"featured_image_src":"https:\/\/joaodebarro.blog.br\/site\/wp-content\/uploads\/2024\/12\/imagem_semelhanca.jpg","author_info":{"display_name":"joao-de-barro","author_link":"https:\/\/joaodebarro.blog.br\/site\/author\/jgrolim\/"},"_links":{"self":[{"href":"https:\/\/joaodebarro.blog.br\/site\/wp-json\/wp\/v2\/posts\/563","targetHints":{"allow":["GET"]}}],"collection":[{"href":"https:\/\/joaodebarro.blog.br\/site\/wp-json\/wp\/v2\/posts"}],"about":[{"href":"https:\/\/joaodebarro.blog.br\/site\/wp-json\/wp\/v2\/types\/post"}],"author":[{"embeddable":true,"href":"https:\/\/joaodebarro.blog.br\/site\/wp-json\/wp\/v2\/users\/1"}],"replies":[{"embeddable":true,"href":"https:\/\/joaodebarro.blog.br\/site\/wp-json\/wp\/v2\/comments?post=563"}],"version-history":[{"count":4,"href":"https:\/\/joaodebarro.blog.br\/site\/wp-json\/wp\/v2\/posts\/563\/revisions"}],"predecessor-version":[{"id":661,"href":"https:\/\/joaodebarro.blog.br\/site\/wp-json\/wp\/v2\/posts\/563\/revisions\/661"}],"wp:featuredmedia":[{"embeddable":true,"href":"https:\/\/joaodebarro.blog.br\/site\/wp-json\/wp\/v2\/media\/564"}],"wp:attachment":[{"href":"https:\/\/joaodebarro.blog.br\/site\/wp-json\/wp\/v2\/media?parent=563"}],"wp:term":[{"taxonomy":"category","embeddable":true,"href":"https:\/\/joaodebarro.blog.br\/site\/wp-json\/wp\/v2\/categories?post=563"},{"taxonomy":"post_tag","embeddable":true,"href":"https:\/\/joaodebarro.blog.br\/site\/wp-json\/wp\/v2\/tags?post=563"}],"curies":[{"name":"wp","href":"https:\/\/api.w.org\/{rel}","templated":true}]}}