{"id":554,"date":"1990-05-01T09:29:32","date_gmt":"1990-05-01T12:29:32","guid":{"rendered":"http:\/\/joaodebarro.blog.br\/site\/?p=554"},"modified":"2024-12-04T09:36:44","modified_gmt":"2024-12-04T12:36:44","slug":"carta-aos-que-ficam","status":"publish","type":"post","link":"https:\/\/joaodebarro.blog.br\/site\/cadernos\/carta-aos-que-ficam\/","title":{"rendered":"Carta aos que ficam"},"content":{"rendered":"\n<p>Abandono definitivamente vosso grandioso barco.<\/p>\n\n\n\n<p>\u00c9 um defeito meu n\u00e3o gostar do remar ordeiro,<br>ao som dos tambores um tanto j\u00e1 fren\u00e9ticos dos vossos deuses.<br>Minha natureza desconfiada cr\u00ea ver sombras<br>na costa para onde aproas,<br>apesar de todos os dias o sol nascer e se por no mesmo lugar,<br>como h\u00e1 s\u00e9culos.<br>Chego mesmo a pensar ser pequena essa viagem que fizemos,<br>a que chamais Exist\u00eancia.<br>Talvez porque sismo em imaginar-me numa outra imensa jornada,<br>cujo in\u00edcio j\u00e1 se perdia quando embarquei convosco.<br>Tamb\u00e9m alvoro\u00e7a-me a alma assustadi\u00e7a pensar<br>que das vossas maravilhosas torneiras douradas<br>j\u00e1 n\u00e3o sai nem \u00e1gua,<br>quanto mais leite e mel.<br>Pesa-me sobre a cabe\u00e7a a coroa magn\u00edfica da Civiliza\u00e7\u00e3o,<br>apesar do material leve e descart\u00e1vel de que \u00e9 feita.<br>Ataca-me a impress\u00e3o de ter a \u00e2ncora amarrada aos p\u00e9s.<br>Insisto em n\u00e3o me sentir abrigado debaixo do vosso tac\u00e3o.<br>Envergonho-me da fome que tenho ap\u00f3s as refei\u00e7\u00f5es frugais,<br>saud\u00e1veis ao esp\u00edrito,<br>dos refeit\u00f3rios da frota.<br>Chego mesmo a imaginar,<br>devo estar febril,<br>um bom peda\u00e7o do fausto<br>a flutuar no feij\u00e3o\u2026<\/p>\n\n\n\n<p>Por isso abandonar-vos-ei hoje.<br>Tomo a dire\u00e7\u00e3o contr\u00e1ria e vou sem embarca\u00e7\u00e3o alguma,<br>como veem.<br>Sei que sofrerei horrivelmente o ataque de toda a sorte de feras<br>e o desprezo dos outros remadores,<br>de cujos remos obedientes terei que esquivar-me.<br>Mas queima-me a consci\u00eancia.<br>Sufoca-me uma dor pelas praias da inoc\u00eancia que perdi.<br>Rumarei sem descanso at\u00e9 o centro de tudo,<br>onde repousarei em mim e enfim,<br>n\u00e3o mais dividido,<\/p>\n\n\n\n<p>abrirei os olhos para um mundo novo.<\/p>\n\n\n\n<p class=\"has-text-align-right has-small-font-size\">Resende, maio de 1990<\/p>\n","protected":false},"excerpt":{"rendered":"<p>Abandono definitivamente vosso grandioso barco. \u00c9 um defeito meu n\u00e3o gostar do remar ordeiro,ao som dos tambores um tanto j\u00e1 fren\u00e9ticos dos vossos deuses.Minha natureza desconfiada cr\u00ea ver sombrasna costa para onde aproas,apesar de todos os dias o sol nascer e se por no mesmo lugar,como h\u00e1 s\u00e9culos.Chego mesmo a pensar ser pequena essa viagem&hellip;&nbsp;<a href=\"https:\/\/joaodebarro.blog.br\/site\/cadernos\/carta-aos-que-ficam\/\" rel=\"bookmark\">Continue a ler &raquo;<span class=\"screen-reader-text\">Carta aos que ficam<\/span><\/a><\/p>\n","protected":false},"author":1,"featured_media":555,"comment_status":"closed","ping_status":"open","sticky":false,"template":"","format":"standard","meta":{"neve_meta_sidebar":"","neve_meta_container":"","neve_meta_enable_content_width":"","neve_meta_content_width":0,"neve_meta_title_alignment":"","neve_meta_author_avatar":"","neve_post_elements_order":"","neve_meta_disable_header":"","neve_meta_disable_footer":"","neve_meta_disable_title":"","footnotes":""},"categories":[6],"tags":[],"class_list":["post-554","post","type-post","status-publish","format-standard","has-post-thumbnail","hentry","category-cadernos"],"featured_image_src":"https:\/\/joaodebarro.blog.br\/site\/wp-content\/uploads\/2024\/12\/barco.jpg","author_info":{"display_name":"joao-de-barro","author_link":"https:\/\/joaodebarro.blog.br\/site\/author\/jgrolim\/"},"_links":{"self":[{"href":"https:\/\/joaodebarro.blog.br\/site\/wp-json\/wp\/v2\/posts\/554","targetHints":{"allow":["GET"]}}],"collection":[{"href":"https:\/\/joaodebarro.blog.br\/site\/wp-json\/wp\/v2\/posts"}],"about":[{"href":"https:\/\/joaodebarro.blog.br\/site\/wp-json\/wp\/v2\/types\/post"}],"author":[{"embeddable":true,"href":"https:\/\/joaodebarro.blog.br\/site\/wp-json\/wp\/v2\/users\/1"}],"replies":[{"embeddable":true,"href":"https:\/\/joaodebarro.blog.br\/site\/wp-json\/wp\/v2\/comments?post=554"}],"version-history":[{"count":2,"href":"https:\/\/joaodebarro.blog.br\/site\/wp-json\/wp\/v2\/posts\/554\/revisions"}],"predecessor-version":[{"id":557,"href":"https:\/\/joaodebarro.blog.br\/site\/wp-json\/wp\/v2\/posts\/554\/revisions\/557"}],"wp:featuredmedia":[{"embeddable":true,"href":"https:\/\/joaodebarro.blog.br\/site\/wp-json\/wp\/v2\/media\/555"}],"wp:attachment":[{"href":"https:\/\/joaodebarro.blog.br\/site\/wp-json\/wp\/v2\/media?parent=554"}],"wp:term":[{"taxonomy":"category","embeddable":true,"href":"https:\/\/joaodebarro.blog.br\/site\/wp-json\/wp\/v2\/categories?post=554"},{"taxonomy":"post_tag","embeddable":true,"href":"https:\/\/joaodebarro.blog.br\/site\/wp-json\/wp\/v2\/tags?post=554"}],"curies":[{"name":"wp","href":"https:\/\/api.w.org\/{rel}","templated":true}]}}