{"id":521,"date":"2023-06-09T06:23:31","date_gmt":"2023-06-09T09:23:31","guid":{"rendered":"http:\/\/joaodebarro.blog.br\/site\/?p=521"},"modified":"2024-12-04T06:30:05","modified_gmt":"2024-12-04T09:30:05","slug":"o-fim-do-mundo","status":"publish","type":"post","link":"https:\/\/joaodebarro.blog.br\/site\/cadernos\/o-fim-do-mundo\/","title":{"rendered":"O fim do mundo"},"content":{"rendered":"\n<h4 class=\"wp-block-heading\">Quando voc\u00ea ouve falar disso, o que imagina? Que mundo finda?<\/h4>\n\n\n\n<div class=\"wp-block-columns is-layout-flex wp-container-core-columns-is-layout-9d6595d7 wp-block-columns-is-layout-flex\">\n<div class=\"wp-block-column has-background is-layout-flow wp-block-column-is-layout-flow\" style=\"background-color:#f2b770\">\n<figure class=\"wp-block-image size-full\"><img loading=\"lazy\" decoding=\"async\" width=\"600\" height=\"522\" src=\"https:\/\/joaodebarro.blog.br\/site\/wp-content\/uploads\/2024\/12\/o-fim-do-mundo-13.webp\" alt=\"\" class=\"wp-image-361\" srcset=\"https:\/\/joaodebarro.blog.br\/site\/wp-content\/uploads\/2024\/12\/o-fim-do-mundo-13.webp 600w, https:\/\/joaodebarro.blog.br\/site\/wp-content\/uploads\/2024\/12\/o-fim-do-mundo-13-300x261.webp 300w\" sizes=\"auto, (max-width: 600px) 100vw, 600px\" \/><\/figure>\n\n\n\n<p style=\"padding-top:0;padding-right:var(--wp--preset--spacing--30);padding-bottom:0;padding-left:var(--wp--preset--spacing--30)\">O planeta rachando, secando? A destrui\u00e7\u00e3o da vida? A extin\u00e7\u00e3o humana? Um evento c\u00f3smico? Ira divina?<\/p>\n<\/div>\n\n\n\n<div class=\"wp-block-column has-background is-layout-flow wp-block-column-is-layout-flow\" style=\"background-color:#f2b770\">\n<figure class=\"wp-block-image size-full\"><img loading=\"lazy\" decoding=\"async\" width=\"1024\" height=\"535\" src=\"https:\/\/joaodebarro.blog.br\/site\/wp-content\/uploads\/2024\/12\/shanghai_ruins.jpg\" alt=\"\" class=\"wp-image-522\" srcset=\"https:\/\/joaodebarro.blog.br\/site\/wp-content\/uploads\/2024\/12\/shanghai_ruins.jpg 1024w, https:\/\/joaodebarro.blog.br\/site\/wp-content\/uploads\/2024\/12\/shanghai_ruins-300x157.jpg 300w, https:\/\/joaodebarro.blog.br\/site\/wp-content\/uploads\/2024\/12\/shanghai_ruins-768x401.jpg 768w\" sizes=\"auto, (max-width: 1024px) 100vw, 1024px\" \/><\/figure>\n\n\n\n<p style=\"padding-right:var(--wp--preset--spacing--30);padding-left:var(--wp--preset--spacing--30)\">O colapso da civiliza\u00e7\u00e3o moderna? Da sociedade constitu\u00edda sobre as ru\u00ednas do imp\u00e9rio Romano? De um conjunto de cren\u00e7as e motiva\u00e7\u00f5es que acompanharam todos os seres humanos que viveram nos \u00faltimos 2 mil anos, que moldaram a sociedade de hoje e que ora findam?<\/p>\n<\/div>\n<\/div>\n\n\n\n<p>S\u00e3o coisas bem diferentes.<\/p>\n\n\n\n<p>A primeira op\u00e7\u00e3o tem um car\u00e1ter mais b\u00edblico, contendo a ideia de que haveria um julgamento da humanidade, a partir do qual o mundo atual deixaria de existir. Quem sabe para permitir a uns poucos o renascimento em melhores condi\u00e7\u00f5es\u2026<\/p>\n\n\n\n<p>A segunda alternativa, a do colapso civilizat\u00f3rio, \u00e9 mais rotineira e, praticamente, faz parte da hist\u00f3ria de toda e qualquer civiliza\u00e7\u00e3o humana. At\u00e9 agora somos a \u00fanica civiliza\u00e7\u00e3o que n\u00e3o caiu. Tamb\u00e9m somos a \u00faltima, a atual. Uma civiliza\u00e7\u00e3o poderosa, a maior das conhecidas, num est\u00e1gio de amalgamar trajet\u00f3rias civilizat\u00f3rias do planeta inteiro. D\u00e1 a impress\u00e3o de que n\u00e3o cairemos. Ou n\u00e3o?<\/p>\n\n\n\n<p>Essa segunda op\u00e7\u00e3o n\u00e3o \u00e9 s\u00f3 desespero, traz embutida uma esperan\u00e7a.<\/p>\n\n\n\n<p>Existem certas mudan\u00e7as que se tornam maduras com o tempo, resultado das experi\u00eancias vividas durante s\u00e9culos de desenvolvimento de uma cultura, e que no per\u00edodo de decad\u00eancia sobressaem. <strong>Essas mudan\u00e7as, por\u00e9m, s\u00e3o nas bases da civiliza\u00e7\u00e3o.<\/strong> O que impede que sejam experimentadas largamente dentro da cultura vigente. S\u00e3o gestadas em grupos minorit\u00e1rios e constituir\u00e3o a base do renascimento. Ap\u00f3s o colapso.<\/p>\n\n\n\n<p>Como se trata de uma civiliza\u00e7\u00e3o verdadeiramente global, essa experi\u00eancia ser\u00e1 vivida por toda a humanidade, como um impacto s\u00f3. Isso nunca aconteceu.<\/p>\n\n\n\n<p>Embora, no fundo, n\u00e3o haja uma grande contradi\u00e7\u00e3o entre essas duas vis\u00f5es de fim.<br>Porque a mem\u00f3ria do que aconteceu h\u00e1 muito tempo tende a ser mitol\u00f3gica e, at\u00e9 mesmo, religiosa. Ou seja, colapsos hist\u00f3ricos podem ser muito bem lembrados como resultado de um julgamento das for\u00e7as superiores.<\/p>\n\n\n\n<p>Contudo, olhando bem de perto, n\u00e3o \u00e9 justamente isso o que acontece? Hoje, todo o mal que fazemos ao planeta, \u00e0 natureza de onde sa\u00edmos, n\u00e3o trar\u00e1 consequ\u00eancias? N\u00e3o estamos lidando com for\u00e7as colossais, que despertam contra n\u00f3s por tudo o que fizemos? A causa e efeito. Voc\u00ea faz ideia do que aconteceria ao nosso mundo se a temperatura m\u00e9dia do planeta subisse alguns poucos graus? Se a composi\u00e7\u00e3o de gases da atmosfera mudasse? Isso est\u00e1 acontecendo! Se balan\u00e7ar um pouco, todo o castelo de cartas que constru\u00edmos n\u00e3o se sustenta. \u00c9 bastante fr\u00e1gil.<\/p>\n\n\n\n<p>Com esses argumentos quero afirmar que a discuss\u00e3o entre esses temas, na realidade, mascara a escolha que est\u00e1 diante de cada um de n\u00f3s. Que resposta daremos \u00e0s demandas do planeta e do nosso esp\u00edrito? As pessoas est\u00e3o sim, fazendo essas escolhas agora. Com o seu fazer, n\u00e3o com as palavras. As palavras geram discursos. O fazer constr\u00f3i o mundo. Podemos ser adeptos de um sistema religioso, pol\u00edtico, e ter um pensamento agudo, palavras certeiras, mas se nosso fazer di\u00e1rio n\u00e3o corresponder a tudo isso, o mundo que constru\u00edmos \u00e9 esse, o do nosso trabalho, n\u00e3o o que est\u00e1 no nosso discurso e bandeiras. Nosso voto no futuro est\u00e1 em todas as grandes e pequenas escolhas que fazemos. Mesmo que f\u00f4ssemos mudos. Mesmo que n\u00e3o diss\u00e9ssemos uma \u00fanica palavra.<\/p>\n\n\n\n<p>N\u00e3o h\u00e1 ina\u00e7\u00e3o. Nunca h\u00e1 ina\u00e7\u00e3o.<br>H\u00e1 sim, a\u00e7\u00e3o cega. A\u00e7\u00e3o sem consci\u00eancia.<br>Em contraponto \u00e0 a\u00e7\u00e3o l\u00facida, atenta, desperta, consciente, \u00edntegra.<br>Sem doutrinas.<\/p>\n","protected":false},"excerpt":{"rendered":"<p>Quando voc\u00ea ouve falar disso, o que imagina? Que mundo finda? O planeta rachando, secando? A destrui\u00e7\u00e3o da vida? A extin\u00e7\u00e3o humana? Um evento c\u00f3smico? Ira divina? O colapso da civiliza\u00e7\u00e3o moderna? Da sociedade constitu\u00edda sobre as ru\u00ednas do imp\u00e9rio Romano? De um conjunto de cren\u00e7as e motiva\u00e7\u00f5es que acompanharam todos os seres humanos que&hellip;&nbsp;<a href=\"https:\/\/joaodebarro.blog.br\/site\/cadernos\/o-fim-do-mundo\/\" rel=\"bookmark\">Continue a ler &raquo;<span class=\"screen-reader-text\">O fim do mundo<\/span><\/a><\/p>\n","protected":false},"author":1,"featured_media":361,"comment_status":"closed","ping_status":"open","sticky":false,"template":"","format":"standard","meta":{"neve_meta_sidebar":"","neve_meta_container":"","neve_meta_enable_content_width":"","neve_meta_content_width":0,"neve_meta_title_alignment":"","neve_meta_author_avatar":"","neve_post_elements_order":"","neve_meta_disable_header":"","neve_meta_disable_footer":"","neve_meta_disable_title":"","footnotes":""},"categories":[6],"tags":[],"class_list":["post-521","post","type-post","status-publish","format-standard","has-post-thumbnail","hentry","category-cadernos"],"featured_image_src":"https:\/\/joaodebarro.blog.br\/site\/wp-content\/uploads\/2024\/12\/o-fim-do-mundo-13.webp","author_info":{"display_name":"joao-de-barro","author_link":"https:\/\/joaodebarro.blog.br\/site\/author\/jgrolim\/"},"_links":{"self":[{"href":"https:\/\/joaodebarro.blog.br\/site\/wp-json\/wp\/v2\/posts\/521","targetHints":{"allow":["GET"]}}],"collection":[{"href":"https:\/\/joaodebarro.blog.br\/site\/wp-json\/wp\/v2\/posts"}],"about":[{"href":"https:\/\/joaodebarro.blog.br\/site\/wp-json\/wp\/v2\/types\/post"}],"author":[{"embeddable":true,"href":"https:\/\/joaodebarro.blog.br\/site\/wp-json\/wp\/v2\/users\/1"}],"replies":[{"embeddable":true,"href":"https:\/\/joaodebarro.blog.br\/site\/wp-json\/wp\/v2\/comments?post=521"}],"version-history":[{"count":5,"href":"https:\/\/joaodebarro.blog.br\/site\/wp-json\/wp\/v2\/posts\/521\/revisions"}],"predecessor-version":[{"id":527,"href":"https:\/\/joaodebarro.blog.br\/site\/wp-json\/wp\/v2\/posts\/521\/revisions\/527"}],"wp:featuredmedia":[{"embeddable":true,"href":"https:\/\/joaodebarro.blog.br\/site\/wp-json\/wp\/v2\/media\/361"}],"wp:attachment":[{"href":"https:\/\/joaodebarro.blog.br\/site\/wp-json\/wp\/v2\/media?parent=521"}],"wp:term":[{"taxonomy":"category","embeddable":true,"href":"https:\/\/joaodebarro.blog.br\/site\/wp-json\/wp\/v2\/categories?post=521"},{"taxonomy":"post_tag","embeddable":true,"href":"https:\/\/joaodebarro.blog.br\/site\/wp-json\/wp\/v2\/tags?post=521"}],"curies":[{"name":"wp","href":"https:\/\/api.w.org\/{rel}","templated":true}]}}