{"id":360,"date":"2022-11-13T10:06:11","date_gmt":"2022-11-13T13:06:11","guid":{"rendered":"http:\/\/joaodebarro.blog.br\/site\/?p=360"},"modified":"2024-12-01T10:28:54","modified_gmt":"2024-12-01T13:28:54","slug":"o-final-do-antropocentrismo","status":"publish","type":"post","link":"https:\/\/joaodebarro.blog.br\/site\/cadernos\/o-final-do-antropocentrismo\/","title":{"rendered":"O final do Antropocentrismo"},"content":{"rendered":"\n<p>Recentemente um sentimento vem tomando corpo. O do esgotamento da vis\u00e3o antropoc\u00eantrica, a percep\u00e7\u00e3o de que h\u00e1 outros personagens no palco em que atuamos. Embora o antropocentrismo ainda esteja presente, nas bases mesmo da nossa civiliza\u00e7\u00e3o, n\u00e3o h\u00e1 lugar para essa vis\u00e3o das coisas em nosso futuro.<\/p>\n\n\n\n<p>A raz\u00e3o disso est\u00e1 na crescente participa\u00e7\u00e3o de elementos n\u00e3o humanos no panorama atual. A rea\u00e7\u00e3o clim\u00e1tica do planeta \u00e9 o principal agente a emergir. E isso se d\u00e1 ap\u00f3s continuas agress\u00f5es humanas, principalmente nos \u00faltimos dois s\u00e9culos. Tempo este que pode muito bem ter propagado a urg\u00eancia e a dor a lugares mais distantes no Universo. Fato que poderia muito bem significar que hoje existem olhares e interesses sobre n\u00f3s, que ultrapassam mesmo a esfera da nossa estrela e dos planetas que a circundam.<\/p>\n\n\n\n<p>Essa realidade se imp\u00f5e. O pr\u00f3ximo passo civilizat\u00f3rio, gestado hoje, amplia o mundo e coloca seu centro fora do humano.<\/p>\n\n\n\n<p>Um novo olhar, onde n\u00e3o nos vemos como o \u201c\u00e1pice da cria\u00e7\u00e3o\u201d, ou o \u201ccentro do Universo\u201d, mas como parte. Parte, n\u00e3o donos.<\/p>\n","protected":false},"excerpt":{"rendered":"<p>Recentemente um sentimento vem tomando corpo. O do esgotamento da vis\u00e3o antropoc\u00eantrica, a percep\u00e7\u00e3o de que h\u00e1 outros personagens no palco em que atuamos. Embora o antropocentrismo ainda esteja presente, nas bases mesmo da nossa civiliza\u00e7\u00e3o, n\u00e3o h\u00e1 lugar para essa vis\u00e3o das coisas em nosso futuro. A raz\u00e3o disso est\u00e1 na crescente participa\u00e7\u00e3o de&hellip;&nbsp;<a href=\"https:\/\/joaodebarro.blog.br\/site\/cadernos\/o-final-do-antropocentrismo\/\" rel=\"bookmark\">Continue a ler &raquo;<span class=\"screen-reader-text\">O final do Antropocentrismo<\/span><\/a><\/p>\n","protected":false},"author":1,"featured_media":364,"comment_status":"closed","ping_status":"open","sticky":false,"template":"","format":"standard","meta":{"neve_meta_sidebar":"","neve_meta_container":"","neve_meta_enable_content_width":"","neve_meta_content_width":0,"neve_meta_title_alignment":"","neve_meta_author_avatar":"","neve_post_elements_order":"","neve_meta_disable_header":"","neve_meta_disable_footer":"","neve_meta_disable_title":"","footnotes":""},"categories":[6],"tags":[],"class_list":["post-360","post","type-post","status-publish","format-standard","has-post-thumbnail","hentry","category-cadernos"],"featured_image_src":"https:\/\/joaodebarro.blog.br\/site\/wp-content\/uploads\/2024\/12\/planeta-terra.jpg","author_info":{"display_name":"joao-de-barro","author_link":"https:\/\/joaodebarro.blog.br\/site\/author\/jgrolim\/"},"_links":{"self":[{"href":"https:\/\/joaodebarro.blog.br\/site\/wp-json\/wp\/v2\/posts\/360","targetHints":{"allow":["GET"]}}],"collection":[{"href":"https:\/\/joaodebarro.blog.br\/site\/wp-json\/wp\/v2\/posts"}],"about":[{"href":"https:\/\/joaodebarro.blog.br\/site\/wp-json\/wp\/v2\/types\/post"}],"author":[{"embeddable":true,"href":"https:\/\/joaodebarro.blog.br\/site\/wp-json\/wp\/v2\/users\/1"}],"replies":[{"embeddable":true,"href":"https:\/\/joaodebarro.blog.br\/site\/wp-json\/wp\/v2\/comments?post=360"}],"version-history":[{"count":1,"href":"https:\/\/joaodebarro.blog.br\/site\/wp-json\/wp\/v2\/posts\/360\/revisions"}],"predecessor-version":[{"id":362,"href":"https:\/\/joaodebarro.blog.br\/site\/wp-json\/wp\/v2\/posts\/360\/revisions\/362"}],"wp:featuredmedia":[{"embeddable":true,"href":"https:\/\/joaodebarro.blog.br\/site\/wp-json\/wp\/v2\/media\/364"}],"wp:attachment":[{"href":"https:\/\/joaodebarro.blog.br\/site\/wp-json\/wp\/v2\/media?parent=360"}],"wp:term":[{"taxonomy":"category","embeddable":true,"href":"https:\/\/joaodebarro.blog.br\/site\/wp-json\/wp\/v2\/categories?post=360"},{"taxonomy":"post_tag","embeddable":true,"href":"https:\/\/joaodebarro.blog.br\/site\/wp-json\/wp\/v2\/tags?post=360"}],"curies":[{"name":"wp","href":"https:\/\/api.w.org\/{rel}","templated":true}]}}